{"id":235702,"date":"2024-11-15T10:13:59","date_gmt":"2024-11-15T09:13:59","guid":{"rendered":"https:\/\/het-filter.de\/save-the-date-forum-dexperts-sur-le-confinement-2025\/"},"modified":"2025-02-18T08:54:55","modified_gmt":"2025-02-18T07:54:55","slug":"save-the-date-forum-dexperts-sur-le-confinement-2025","status":"publish","type":"post","link":"https:\/\/het-filter.de\/fr\/save-the-date-forum-dexperts-sur-le-confinement-2025\/","title":{"rendered":"Save the Date : Forum d&rsquo;experts sur le confinement 2025"},"content":{"rendered":"\n<p>Sur le site  <strong>19 et 20 f\u00e9vrier 2025 <\/strong>  l\u2019<strong>art\u2019otel cologne<\/strong> \u00e0 Cologne ouvre ses portes au forum d\u2019experts sur le confinement \u2013 un rendez-vous incontournable pour tous ceux qui s\u2019int\u00e9ressent aux tendances actuelles, aux d\u00e9fis et aux innovations dans le domaine du confinement.<\/p>\n\n<div style=\"height:52px\" aria-hidden=\"true\" class=\"wp-block-spacer\"><\/div>\n\n<h2 class=\"wp-block-heading\" id=\"h-hohepunkt-fachvortrag-von-christopher-muschiol\"><strong>Point fort : conf\u00e9rence technique de Christopher Muschiol<\/strong><\/h2>\n\n<p><\/p>\n\n<p>L\u2019un des points forts de l\u2019\u00e9v\u00e9nement sera la conf\u00e9rence de <strong>Chri<a href=\"https:\/\/het-filter.de\/fr\/glossar\/stop\/\" target=\"_self\" title=\"\" class=\"encyclopedia\">stop<\/a>her Muschiol<\/strong>, expert en confinement et chef de projet exp\u00e9riment\u00e9 dans le domaine de la technologie de filtration. Sous le titre : <em>\u00ab\u00a0Solutions de confinement globales dans l\u2019industrie pharmaceutique : efficacit\u00e9 et s\u00e9curit\u00e9 gr\u00e2ce \u00e0 des syst\u00e8mes de filtration optimis\u00e9s et des strat\u00e9gies de maintenance\u00a0\u00bb<\/em>, il pr\u00e9sentera des solutions pratiques sur la mani\u00e8re dont les syst\u00e8mes de confinement modernes am\u00e9liorent non seulement la s\u00e9curit\u00e9 et la protection des employ\u00e9s, mais augmentent en m\u00eame temps l\u2019efficacit\u00e9 op\u00e9rationnelle. <\/p>\n\n<p>D\u00e9couvrez pourquoi une approche globale des processus de confinement \u2013 de la s\u00e9lection des bons <a href=\"https:\/\/het-filter.de\/fr\/produits\/\">syst\u00e8mes de filtration<\/a> \u00e0 une strat\u00e9gie de maintenance efficace \u2013 est essentielle pour r\u00e9pondre aux exigences croissantes de qualit\u00e9 et de s\u00e9curit\u00e9 de l\u2019industrie pharmaceutique. Ces strat\u00e9gies sont des th\u00e8mes importants du forum d\u2019experts <a href=\"https:\/\/het-filter.de\/fr\/glossar\/containment-in-der-pharmaindustrie\/\" target=\"_self\" title=\"Containment in der Pharmaindustrie: Schutz f\u00fcr Mensch, Produkt und Umwelt Containment in der Pharmaindustrie umfasst alle Ma\u00dfnahmen und Systeme, die verhindern, dass Wirkstoffe, Zwischenprodukte oder Endprodukte w\u00e4hrend der Herstellung, Verarbeitung oder Verpackung in die Umgebung freigesetzt werden. Ziel ist es, Mitarbeiter, Produkte und die Umwelt vor Kontamination oder Exposition gegen\u00fcber potenziell gef\u00e4hrlichen Substanzen zu sch\u00fctzen.\u2026\" class=\"encyclopedia\">Containment<\/a> 2025. Avec des cas concrets et des donn\u00e9es illustratives, Chri<a href=\"https:\/\/het-filter.de\/fr\/glossar\/stop\/\" target=\"_self\" title=\"\" class=\"encyclopedia\">stop<\/a>her Muschiol montre comment ces strat\u00e9gies peuvent \u00eatre mises en \u0153uvre avec succ\u00e8s.  <\/p>\n\n<p>La pr\u00e9sentation mettra en lumi\u00e8re<\/p>\n\n<ul class=\"wp-block-list\">\n<li><strong>S\u00e9curit\u00e9 maximale :<\/strong> comment les syst\u00e8mes de filtration modernes cr\u00e9ent un environnement de travail s\u00fbr et minimisent le risque de contamination.<\/li>\n\n\n\n<li><strong>Am\u00e9lioration de l\u2019efficacit\u00e9 :<\/strong> comment des strat\u00e9gies de maintenance bien pens\u00e9es permettent de r\u00e9duire les temps d\u2019arr\u00eat et de maximiser la disponibilit\u00e9 des \u00e9quipements.<\/li>\n\n\n\n<li><strong>Approches holistiques :<\/strong> Pourquoi une approche globale de l\u2019ensemble de la cha\u00eene de processus est essentielle pour r\u00e9pondre aux exigences r\u00e9glementaires tout en restant rentable.<\/li>\n<\/ul>\n\n<div style=\"height:52px\" aria-hidden=\"true\" class=\"wp-block-spacer\"><\/div>\n\n<h2 class=\"wp-block-heading\" id=\"h-exklusive-werksbesichtigung-bei-bayer-ag\">Visite exclusive de l\u2019usine Bayer AG<\/h2>\n\n<p><\/p>\n\n<p>Un autre point fort de l\u2019\u00e9v\u00e9nement est la visite exclusive de l\u2019usine de notre client <strong>Bayer AG<\/strong>. Lors du forum d\u2019experts <a href=\"https:\/\/het-filter.de\/fr\/glossar\/containment-in-der-pharmaindustrie\/\" target=\"_self\" title=\"Containment in der Pharmaindustrie: Schutz f\u00fcr Mensch, Produkt und Umwelt Containment in der Pharmaindustrie umfasst alle Ma\u00dfnahmen und Systeme, die verhindern, dass Wirkstoffe, Zwischenprodukte oder Endprodukte w\u00e4hrend der Herstellung, Verarbeitung oder Verpackung in die Umgebung freigesetzt werden. Ziel ist es, Mitarbeiter, Produkte und die Umwelt vor Kontamination oder Exposition gegen\u00fcber potenziell gef\u00e4hrlichen Substanzen zu sch\u00fctzen.\u2026\" class=\"encyclopedia\">Containment<\/a> 2025, laissez-vous inspirer par la technologie de pointe et les applications pratiques et obtenez un aper\u00e7u pr\u00e9cieux de la production d\u2019une entreprise pharmaceutique de premier plan. <\/p>\n\n<div style=\"height:52px\" aria-hidden=\"true\" class=\"wp-block-spacer\"><\/div>\n\n<h2 class=\"wp-block-heading\" id=\"h-themenschwerpunkte\">Th\u00e8mes principaux<\/h2>\n\n<p><\/p>\n\n<p>\u2013 Tendances actuelles en mati\u00e8re de r\u00e9glementation<br>\u2013 Le confinement dans la pratique<br>\u2013 Perspectives d\u2019avenir<\/p>\n\n<div style=\"height:52px\" aria-hidden=\"true\" class=\"wp-block-spacer\"><\/div>\n\n<h2 class=\"wp-block-heading\" id=\"h-anmeldung\">Inscription<\/h2>\n\n<p><\/p>\n\n<p>Les places sont limit\u00e9es. Inscrivez-vous d\u00e8s aujourd\u2019hui pour garantir votre place \u00e0 cet \u00e9v\u00e9nement de haut niveau. Utilisez notre code de billet <a href=\"https:\/\/www.sv-veranstaltungen.de\/umwelt\/expertenforum-containment\/ticket-sichern\/\">EFC2025SPEX20<\/a> pour b\u00e9n\u00e9ficier d\u2019une r\u00e9duction de 20%.  <\/p>\n\n<p>Nous nous r\u00e9jouissons de vous accueillir \u00e0 Cologne pour le Forum d\u2019experts sur le confinement 2025 !<\/p>\n\n<div style=\"height:52px\" aria-hidden=\"true\" class=\"wp-block-spacer\"><\/div>\n\n<div class=\"wp-block-buttons is-layout-flex wp-block-buttons-is-layout-flex\">\n<div class=\"wp-block-button\"><a class=\"wp-block-button__link wp-element-button\" href=\"https:\/\/www.sv-veranstaltungen.de\/umwelt\/expertenforum-containment\/ticket-sichern\/\">Vers l\u2019inscription<\/a><\/div>\n<\/div>\n","protected":false},"excerpt":{"rendered":"<p>Sur le site 19 et 20 f\u00e9vrier 2025 l&rsquo;art&rsquo;otel cologne \u00e0 Cologne ouvre ses portes au forum d&rsquo;experts sur le confinement &#8211; un rendez-vous incontournable pour tous ceux qui s&rsquo;int\u00e9ressent aux tendances actuelles, aux d\u00e9fis et aux innovations dans le domaine du confinement. Point fort : conf\u00e9rence technique de Christopher Muschiol L&rsquo;un des points forts [&hellip;]<\/p>\n","protected":false},"author":8,"featured_media":235643,"comment_status":"open","ping_status":"open","sticky":false,"template":"","format":"standard","meta":{"_et_pb_use_builder":"","_et_pb_old_content":"","_et_gb_content_width":"","footnotes":""},"categories":[35],"tags":[98,362,454,364,363,452,453,93,91,88,95,64,460,94,92,96],"class_list":["post-235702","post","type-post","status-publish","format-standard","has-post-thumbnail","hentry","category-actualites-du-secteur","tag-containment-fr","tag-depoussiereur","tag-entreprise-de-filtration","tag-fabricant-de-filtres","tag-filtres-industriels","tag-filtres-pour-salles-blanches","tag-fournisseurs-de-filtres","tag-gmp-fr","tag-het-filter-fr","tag-industrie-pharmaceutique","tag-salle-blanche","tag-securite","tag-systemes-de-filtration-fr-2","tag-systemes-de-filtration","tag-systemes-de-filtration-conformes-aux-bpf","tag-technologie-des-salles-blanches"],"_links":{"self":[{"href":"https:\/\/het-filter.de\/fr\/wp-json\/wp\/v2\/posts\/235702","targetHints":{"allow":["GET"]}}],"collection":[{"href":"https:\/\/het-filter.de\/fr\/wp-json\/wp\/v2\/posts"}],"about":[{"href":"https:\/\/het-filter.de\/fr\/wp-json\/wp\/v2\/types\/post"}],"author":[{"embeddable":true,"href":"https:\/\/het-filter.de\/fr\/wp-json\/wp\/v2\/users\/8"}],"replies":[{"embeddable":true,"href":"https:\/\/het-filter.de\/fr\/wp-json\/wp\/v2\/comments?post=235702"}],"version-history":[{"count":3,"href":"https:\/\/het-filter.de\/fr\/wp-json\/wp\/v2\/posts\/235702\/revisions"}],"predecessor-version":[{"id":236844,"href":"https:\/\/het-filter.de\/fr\/wp-json\/wp\/v2\/posts\/235702\/revisions\/236844"}],"wp:featuredmedia":[{"embeddable":true,"href":"https:\/\/het-filter.de\/fr\/wp-json\/wp\/v2\/media\/235643"}],"wp:attachment":[{"href":"https:\/\/het-filter.de\/fr\/wp-json\/wp\/v2\/media?parent=235702"}],"wp:term":[{"taxonomy":"category","embeddable":true,"href":"https:\/\/het-filter.de\/fr\/wp-json\/wp\/v2\/categories?post=235702"},{"taxonomy":"post_tag","embeddable":true,"href":"https:\/\/het-filter.de\/fr\/wp-json\/wp\/v2\/tags?post=235702"}],"curies":[{"name":"wp","href":"https:\/\/api.w.org\/{rel}","templated":true}]}}