{"id":235518,"date":"2024-08-21T11:37:14","date_gmt":"2024-08-21T09:37:14","guid":{"rendered":"https:\/\/het-filter.de\/het-filter-soutient-lassociation-hand-in-hand-fuer-schwerstkranke-und-krebskranke-kinder-e-v-main-dans-la-main-pour-les-enfants-gravement-malades-et-atteints-de-cancer\/"},"modified":"2024-10-15T11:18:29","modified_gmt":"2024-10-15T09:18:29","slug":"het-filter-soutient-lassociation-hand-in-hand-fuer-schwerstkranke-und-krebskranke-kinder-e-v-main-dans-la-main-pour-les-enfants-gravement-malades-et-atteints-de-cancer","status":"publish","type":"post","link":"https:\/\/het-filter.de\/fr\/het-filter-soutient-lassociation-hand-in-hand-fuer-schwerstkranke-und-krebskranke-kinder-e-v-main-dans-la-main-pour-les-enfants-gravement-malades-et-atteints-de-cancer\/","title":{"rendered":"HET Filter soutient l&rsquo;association \u00ab\u00a0Hand-in-Hand f\u00fcr schwerstkranke und krebskranke Kinder e.V.\u00a0\u00bb (Main dans la main pour les enfants gravement malades et atteints de cancer)"},"content":{"rendered":"\n<p>Dans le cadre de notre premi\u00e8re campagne de dons #<a href=\"https:\/\/het-filter.de\/fr\/glossar\/het\/\" target=\"_self\" title=\"\" class=\"encyclopedia\">het<\/a>aid, nous sommes heureux de pouvoir soutenir l\u2019association <a href=\"https:\/\/www.hih-altenstadt.de\">\u00ab\u00a0Hand-in-Hand f\u00fcr schwerstkranke und krebskranke Kinder e.V.\u00a0\u00bb<\/a> \u00e0 Altenstadt. Apr\u00e8s un vote interne, nos collaborateurs ont d\u00e9cid\u00e9 de faire un don \u00e0 cette association engag\u00e9e et de d\u00e9couvrir le pr\u00e9cieux travail r\u00e9alis\u00e9 sur place.   <\/p>\n\n<div style=\"height:25px\" aria-hidden=\"true\" class=\"wp-block-spacer\"><\/div>\n\n<h3 class=\"wp-block-heading\" id=\"h-die-auswahl-des-unterstutzten-projekts\">Le choix du projet soutenu<\/h3>\n\n<p>Notre campagne de collecte de fonds a commenc\u00e9 par un appel \u00e0 tous les employ\u00e9s de <a href=\"https:\/\/het-filter.de\/fr\/glossar\/het\/\" target=\"_self\" title=\"\" class=\"encyclopedia\">HET<\/a> Filter pour qu\u2019ils soumettent des propositions de projets caritatifs. Les propositions soumises ont ensuite \u00e9t\u00e9 soumises \u00e0 un vote interne. La majorit\u00e9 s\u2019est prononc\u00e9e en faveur de l\u2019association \u00ab\u00a0Hand-in-Hand f\u00fcr schwerstkranke und krebskranke Kinder e.V.\u00a0\u00bb (Main dans la main pour les enfants gravement malades et atteints de cancer), qui offre depuis 2008 un soutien exceptionnel aux familles d\u2019enfants gravement malades et atteints de cancer.  <\/p>\n\n<div style=\"height:35px\" aria-hidden=\"true\" class=\"wp-block-spacer\"><\/div>\n\n<h3 class=\"wp-block-heading\" id=\"h-der-verein-hand-in-hand-unterstutzung-fur-familien-in-schwierigen-zeiten\">L\u2019association \u00ab\u00a0Hand-in-Hand\u00a0\u00bb : soutien aux familles en p\u00e9riode difficile<\/h3>\n\n<p>L\u2019association \u00ab\u00a0Hand-in-Hand\u00a0\u00bb a \u00e9t\u00e9 fond\u00e9e le 27 janvier 2008 et s\u2019engage depuis lors \u00e0 soutenir les familles d\u2019enfants et d\u2019adolescents gravement malades ou atteints de cancer. Initialement cr\u00e9\u00e9e sous le nom de \u00ab\u00a0Hand-in-Hand f\u00fcr krebskranke Kinder Altenstadt e.V.\u00a0\u00bb, l\u2019association a \u00e9largi son engagement en 2014 et s\u2019occupe depuis lors de tous les enfants gravement malades jusqu\u2019\u00e0 l\u2019\u00e2ge de 28 ans.   <\/p>\n\n<p>L\u2019association n\u2019aide pas seulement par un soutien financier, mais offre \u00e9galement aux familles concern\u00e9es une aide pratique, bas\u00e9e sur sa propre exp\u00e9rience, par exemple pour les d\u00e9marches administratives. Le travail de l\u2019association s\u2019\u00e9tend au-del\u00e0 d\u2019Altenstadt et comprend \u00e9galement la coop\u00e9ration avec d\u2019autres organisations telles que <a href=\"https:\/\/www.laleluev.de\/\">LaLeLu e.V.<\/a>, <a href=\"https:\/\/www.baerenherz.de\/de\/\">B\u00e4renherz Wiesbaden e.V.<\/a> et le service psychosocial de l\u2019h\u00f4pital universitaire de Francfort. <\/p>\n\n<div style=\"height:37px\" aria-hidden=\"true\" class=\"wp-block-spacer\"><\/div>\n\n<figure class=\"wp-block-video\"><video height=\"1080\" style=\"aspect-ratio: 1920 \/ 1080;\" width=\"1920\" controls=\"\" src=\"https:\/\/het-filter.de\/wp-content\/uploads\/2024\/08\/HET-bei-Hand-in-Hand_1-1.mp4\"><\/video><\/figure>\n\n<div style=\"height:42px\" aria-hidden=\"true\" class=\"wp-block-spacer\"><\/div>\n\n<h3 class=\"wp-block-heading\" id=\"h-unsere-unterstutzung-vor-ort-in-altenstadt\">Notre soutien : sur place \u00e0 Altenstadt<\/h3>\n\n<p>Pour nous faire une meilleure id\u00e9e du travail impressionnant de l\u2019association, nous nous sommes rendus personnellement sur place, \u00e0 Altenstadt. Nous avons pu y voir comment l\u2019association aide dans diff\u00e9rentes situations, que ce soit en am\u00e9nageant des salles de bains, en permettant des th\u00e9rapies et des traitements ou en construisant des rampes pour les fauteuils roulants.<br>Mais aussi de l\u2019aide   <\/p>\n\n<p>Notre don vise \u00e0 soutenir ce travail pr\u00e9cieux.  <\/p>\n\n<div style=\"height:42px\" aria-hidden=\"true\" class=\"wp-block-spacer\"><\/div>\n\n<h3 class=\"wp-block-heading\" id=\"h-gemeinsam-gutes-tun-weitere-unterstutzung-ist-willkommen\">Faire le bien ensemble : Tout soutien suppl\u00e9mentaire est le bienvenu<\/h3>\n\n<p>L\u2019association \u00ab\u00a0Hand-in-Hand\u00a0\u00bb a besoin du soutien des personnes qui souhaitent s\u2019engager en faveur des familles dans le besoin. Que ce soit par des dons en argent ou en nature ou par une aide b\u00e9n\u00e9vole lors d\u2019\u00e9v\u00e9nements, toute forme de soutien est la bienvenue. <\/p>\n\n<p>Nous sommes fiers d\u2019avoir franchi cette premi\u00e8re \u00e9tape avec notre campagne de dons et nous nous r\u00e9jouissons de continuer \u00e0 faire partie d\u2019initiatives aussi importantes.<\/p>\n\n<p>Pour plus d\u2019informations sur notre campagne de collecte de fonds et sur la fa\u00e7on dont vous pouvez \u00e9galement aider, visitez nos canaux de m\u00e9dias sociaux ou contactez-nous directement.<\/p>\n\n<p>Ensemble, nous pouvons faire la diff\u00e9rence \u2013 main dans la main pour les enfants gravement malades et atteints de cancer !<\/p>\n\n<div style=\"height:59px\" aria-hidden=\"true\" class=\"wp-block-spacer\"><\/div>\n\n<div class=\"wp-block-buttons is-layout-flex wp-block-buttons-is-layout-flex\">\n<div class=\"wp-block-button\"><a class=\"wp-block-button__link wp-element-button\" href=\"https:\/\/www.hih-altenstadt.de\/\">Vers l\u2019association \u00ab\u00a0Hand-in-Hand<\/a><\/div>\n<\/div>\n\n<div class=\"wp-block-buttons is-layout-flex wp-block-buttons-is-layout-flex\"><\/div>\n\n<div style=\"height:36px\" aria-hidden=\"true\" class=\"wp-block-spacer\"><\/div>\n","protected":false},"excerpt":{"rendered":"<p>Dans le cadre de notre premi\u00e8re campagne de dons #hetaid, nous sommes heureux de pouvoir soutenir l&rsquo;association \u00ab\u00a0Hand-in-Hand f\u00fcr schwerstkranke und krebskranke Kinder e.V.\u00a0\u00bb \u00e0 Altenstadt. Apr\u00e8s un vote interne, nos collaborateurs ont d\u00e9cid\u00e9 de faire un don \u00e0 cette association engag\u00e9e et de d\u00e9couvrir le pr\u00e9cieux travail r\u00e9alis\u00e9 sur place. Le choix du projet [&hellip;]<\/p>\n","protected":false},"author":8,"featured_media":234832,"comment_status":"open","ping_status":"open","sticky":false,"template":"","format":"standard","meta":{"_et_pb_use_builder":"","_et_pb_old_content":"","_et_gb_content_width":"","footnotes":""},"categories":[35],"tags":[44,354,70,88,95,355],"class_list":["post-235518","post","type-post","status-publish","format-standard","has-post-thumbnail","hentry","category-actualites-du-secteur","tag-containment","tag-dons","tag-het-filter","tag-industrie-pharmaceutique","tag-salle-blanche","tag-travail-dequipe"],"_links":{"self":[{"href":"https:\/\/het-filter.de\/fr\/wp-json\/wp\/v2\/posts\/235518","targetHints":{"allow":["GET"]}}],"collection":[{"href":"https:\/\/het-filter.de\/fr\/wp-json\/wp\/v2\/posts"}],"about":[{"href":"https:\/\/het-filter.de\/fr\/wp-json\/wp\/v2\/types\/post"}],"author":[{"embeddable":true,"href":"https:\/\/het-filter.de\/fr\/wp-json\/wp\/v2\/users\/8"}],"replies":[{"embeddable":true,"href":"https:\/\/het-filter.de\/fr\/wp-json\/wp\/v2\/comments?post=235518"}],"version-history":[{"count":1,"href":"https:\/\/het-filter.de\/fr\/wp-json\/wp\/v2\/posts\/235518\/revisions"}],"predecessor-version":[{"id":235519,"href":"https:\/\/het-filter.de\/fr\/wp-json\/wp\/v2\/posts\/235518\/revisions\/235519"}],"wp:featuredmedia":[{"embeddable":true,"href":"https:\/\/het-filter.de\/fr\/wp-json\/wp\/v2\/media\/234832"}],"wp:attachment":[{"href":"https:\/\/het-filter.de\/fr\/wp-json\/wp\/v2\/media?parent=235518"}],"wp:term":[{"taxonomy":"category","embeddable":true,"href":"https:\/\/het-filter.de\/fr\/wp-json\/wp\/v2\/categories?post=235518"},{"taxonomy":"post_tag","embeddable":true,"href":"https:\/\/het-filter.de\/fr\/wp-json\/wp\/v2\/tags?post=235518"}],"curies":[{"name":"wp","href":"https:\/\/api.w.org\/{rel}","templated":true}]}}